{"id":15594,"date":"2023-09-27T15:40:14","date_gmt":"2023-09-27T13:40:14","guid":{"rendered":"https:\/\/www.aeqtonline.com\/constituida-la-plataforma-zero-pellets-amb-lobjectiu-de-lluitar-contra-les-fuites-daquests-petits-plastics-a-les-nostres-comarques\/"},"modified":"2023-09-28T15:29:32","modified_gmt":"2023-09-28T13:29:32","slug":"constituida-la-plataforma-zero-pellets-amb-lobjectiu-de-lluitar-contra-les-fuites-daquests-petits-plastics-a-les-nostres-comarques","status":"publish","type":"post","link":"https:\/\/www.aeqtonline.com\/es\/constituida-la-plataforma-zero-pellets-amb-lobjectiu-de-lluitar-contra-les-fuites-daquests-petits-plastics-a-les-nostres-comarques\/","title":{"rendered":"Constituida la plataforma cero pellets con el objetivo de luchar contra los escapes de estos peque\u00f1os pl\u00e1sticos en nuestras comarcas"},"content":{"rendered":"<p><div class=\"fusion-fullwidth fullwidth-box fusion-builder-row-1 fusion-flex-container nonhundred-percent-fullwidth non-hundred-percent-height-scrolling\" style=\"--awb-border-radius-top-left:0px;--awb-border-radius-top-right:0px;--awb-border-radius-bottom-right:0px;--awb-border-radius-bottom-left:0px;--awb-flex-wrap:wrap;\" ><div class=\"fusion-builder-row fusion-row fusion-flex-align-items-flex-start fusion-flex-content-wrap\" style=\"max-width:1216.8px;margin-left: calc(-4% \/ 2 );margin-right: calc(-4% \/ 2 );\"><div class=\"fusion-layout-column fusion_builder_column fusion-builder-column-0 fusion_builder_column_1_1 1_1 fusion-flex-column\" style=\"--awb-bg-size:cover;--awb-width-large:100%;--awb-margin-top-large:0px;--awb-spacing-right-large:1.92%;--awb-margin-bottom-large:0px;--awb-spacing-left-large:1.92%;--awb-width-medium:100%;--awb-spacing-right-medium:1.92%;--awb-spacing-left-medium:1.92%;--awb-width-small:100%;--awb-spacing-right-small:1.92%;--awb-spacing-left-small:1.92%;\"><div class=\"fusion-column-wrapper fusion-flex-justify-content-flex-start fusion-content-layout-column\"><div class=\"fusion-text fusion-text-1\"><p><strong>El delegado del Govern en Tarragona ha encabezado este mediod\u00eda la firma del convenio, que tambi\u00e9n ha subscrito la Diputaci\u00f3n de Tarragona, la Autoridad Portuaria de Tarragona, la AEQT, ANAIP, Plastics Europe y varias empresas del Pol\u00edgono Qu\u00edmico de Tarragona<\/strong><\/p>\n<p><strong>Xifr\u00e9 ha puesto de manifiesto que gracias al convenio se \u201cvigilar\u00e1 la presencia de pelets, se buscar\u00e1n soluciones para evitar una mayor dispersi\u00f3n, se buscar\u00e1 financiaci\u00f3n para las actividades de limpieza y se implementar\u00e1n soluciones preventivas<\/strong><\/p>\n<p><br data-mce-bogus=\"1\"><\/p>\n<\/div><\/div><\/div><\/div><\/div><div class=\"fusion-fullwidth fullwidth-box fusion-builder-row-2 fusion-flex-container nonhundred-percent-fullwidth non-hundred-percent-height-scrolling\" style=\"--awb-border-radius-top-left:0px;--awb-border-radius-top-right:0px;--awb-border-radius-bottom-right:0px;--awb-border-radius-bottom-left:0px;--awb-flex-wrap:wrap;\" ><div class=\"fusion-builder-row fusion-row fusion-flex-align-items-flex-start fusion-flex-content-wrap\" style=\"max-width:1216.8px;margin-left: calc(-4% \/ 2 );margin-right: calc(-4% \/ 2 );\"><div class=\"fusion-layout-column fusion_builder_column fusion-builder-column-1 fusion_builder_column_2_5 2_5 fusion-flex-column\" style=\"--awb-bg-size:cover;--awb-width-large:40%;--awb-margin-top-large:0px;--awb-spacing-right-large:3.84%;--awb-margin-bottom-large:0px;--awb-spacing-left-large:4.8%;--awb-width-medium:100%;--awb-spacing-right-medium:1.92%;--awb-spacing-left-medium:1.92%;--awb-width-small:100%;--awb-spacing-right-small:1.92%;--awb-spacing-left-small:1.92%;\"><div class=\"fusion-column-wrapper fusion-flex-justify-content-flex-start fusion-content-layout-column\"><div class=\"fusion-image-element \" style=\"--awb-margin-bottom:40px;--awb-caption-title-font-family:var(--h2_typography-font-family);--awb-caption-title-font-weight:var(--h2_typography-font-weight);--awb-caption-title-font-style:var(--h2_typography-font-style);--awb-caption-title-size:var(--h2_typography-font-size);--awb-caption-title-transform:var(--h2_typography-text-transform);--awb-caption-title-line-height:var(--h2_typography-line-height);--awb-caption-title-letter-spacing:var(--h2_typography-letter-spacing);\"><span class=\" fusion-imageframe imageframe-none imageframe-1 hover-type-none\"><a href=\"https:\/\/www.aeqtonline.com\/wp-content\/uploads\/2023\/09\/2023-09-27-0407-300x228.jpg\" class=\"fusion-lightbox\" data-rel=\"iLightbox[2f93fa1be926fb19aff]\" data-title=\"AEQT, firma Plataforma Zero Pellets\" title=\"AEQT, firma Plataforma Zero Pellets\"><img decoding=\"async\" width=\"300\" height=\"228\" src=\"https:\/\/www.aeqtonline.com\/wp-content\/uploads\/2023\/09\/2023-09-27-0407-scaled.jpg\" data-orig-src=\"https:\/\/www.aeqtonline.com\/wp-content\/uploads\/2023\/09\/2023-09-27-0407-300x228.jpg\" alt class=\"lazyload img-responsive wp-image-15590\" srcset=\"data:image\/svg+xml,%3Csvg%20xmlns%3D%27http%3A%2F%2Fwww.w3.org%2F2000%2Fsvg%27%20width%3D%272560%27%20height%3D%271948%27%20viewBox%3D%270%200%202560%201948%27%3E%3Crect%20width%3D%272560%27%20height%3D%271948%27%20fill-opacity%3D%220%22%2F%3E%3C%2Fsvg%3E\" data-srcset=\"https:\/\/www.aeqtonline.com\/wp-content\/uploads\/2023\/09\/2023-09-27-0407-200x152.jpg 200w, https:\/\/www.aeqtonline.com\/wp-content\/uploads\/2023\/09\/2023-09-27-0407-400x304.jpg 400w, https:\/\/www.aeqtonline.com\/wp-content\/uploads\/2023\/09\/2023-09-27-0407-600x456.jpg 600w, https:\/\/www.aeqtonline.com\/wp-content\/uploads\/2023\/09\/2023-09-27-0407-800x609.jpg 800w, https:\/\/www.aeqtonline.com\/wp-content\/uploads\/2023\/09\/2023-09-27-0407-1200x913.jpg 1200w\" data-sizes=\"auto\" data-orig-sizes=\"(max-width: 1024px) 100vw, (max-width: 640px) 100vw, 600px\" \/><\/a><\/span><\/div><div class=\"fusion-video fusion-youtube\" style=\"--awb-max-width:600px;--awb-max-height:360px;\"><div class=\"video-shortcode\"><div class=\"fluid-width-video-wrapper\" style=\"padding-top:60%;\" ><iframe title=\"YouTube video player 1\" src=\"https:\/\/www.youtube.com\/embed\/Pi3DJ0Z8u9Q?wmode=transparent&autoplay=0\" width=\"600\" height=\"360\" allowfullscreen allow=\"autoplay; clipboard-write; encrypted-media; gyroscope; picture-in-picture;\"><\/iframe><\/div><\/div><\/div><\/div><\/div><div class=\"fusion-layout-column fusion_builder_column fusion-builder-column-2 fusion_builder_column_3_5 3_5 fusion-flex-column\" style=\"--awb-bg-size:cover;--awb-width-large:60%;--awb-margin-top-large:0px;--awb-spacing-right-large:3.2%;--awb-margin-bottom-large:0px;--awb-spacing-left-large:3.84%;--awb-width-medium:100%;--awb-spacing-right-medium:1.92%;--awb-spacing-left-medium:1.92%;--awb-width-small:100%;--awb-spacing-right-small:1.92%;--awb-spacing-left-small:1.92%;\"><div class=\"fusion-column-wrapper fusion-flex-justify-content-flex-start fusion-content-layout-column\"><div class=\"fusion-text fusion-text-2\"><p style=\"text-align: justify;\" data-mce-style=\"text-align: justify;\">La plataforma cero pellets se ha constituido este mediod\u00eda en la Delegaci\u00f3 del Govern en Tarragona, con el objetivo de luchar contra los escapes de estos peque\u00f1os pl\u00e1sticos, tanto en el pol\u00edgono industrial de Tarragona como en las \u00e1reas potencialmente afectadas.<\/p>\n<p style=\"text-align: justify;\" data-mce-style=\"text-align: justify;\">El acto, que ha encabezado el delegado del Govern en Tarragona, \u00c0ngel Xifr\u00e9 Arroyo, ha consistido en la firma de un convenio entre el Govern, la Diputaci\u00f3n de Tarragona, la Autoridad Portuaria de Tarragona, la Asociaci\u00f3n Empresarial Qu\u00edmica de Tarragona (AEQT), la Asociaci\u00f3n espa\u00f1ola de Industriales de pl\u00e1sticos (ANAIP), la asociaci\u00f3n paneuropea de fabricantes de materias primas pl\u00e1sticas (Plastics Europe) y las empresas Dow Chemical Ib\u00e9rica, Elix Polymers, Ercros, Basell Poliolefinas (Grupo Lyondellbasell), Repsol Qu\u00edmica, SK Primacor, Transformadora de Etileno y Katoen Natie.<\/p>\n<p style=\"text-align: justify;\" data-mce-style=\"text-align: justify;\">Durante la presentaci\u00f3n, Xifr\u00e9 ha remarcado que \u201choy firmamos un convenio muy importante, que no es un punto de partida porque ya hace unos a\u00f1os que trabajamos por este objetivo, que nos emplaza y nos compromete a reducir los escapes de este producto al pol\u00edgono industrial de Tarragona y en las \u00e1reas potencialmente afectadas\u201d. En este sentido, el delegado ha explicado que el objetivo de los firmantes es \u201cvigilar la presencia de pellets, buscar soluciones para evitar una mayor dispersi\u00f3n, buscar financiaci\u00f3n para las actividades de limpieza e implementar soluciones preventivas\u201d, ha a\u00f1adido.<\/p>\n<p style=\"text-align: justify;\" data-mce-style=\"text-align: justify;\">En el acto tambi\u00e9n ha intervenido el presidente del Puerto de Tarragona, Sa\u00fcl Garreta, que ha reafirmado \u201csu compromiso con la sostenibilidad y la defensa del medio ambiente, dispuesto a trabajar con todo el mundo al proteger la costa y promoviendo buenas pr\u00e1cticas. Como Puerto queremos demostrar nuestra responsabilidad como administraci\u00f3n comprometida con el entorno y nos posicionamos como un referente en la lucha contra la contaminaci\u00f3n marina en Catalu\u00f1a\u201d, ha afirmado.<\/p>\n<p style=\"text-align: justify;\" data-mce-style=\"text-align: justify;\">Desde la industria, el vicepresidente de la AEQT y director del CI de Repsol en Tarragona, Javier Sancho, ha expresado su satisfacci\u00f3n por la constituci\u00f3n de la plataforma. Sancho ha manifestado que las empresas asociadas a la AEQT que fabrican o trabajan con pellets est\u00e1n adheridas a la iniciativa Operation Clean Sweep\u00ae, un programa que recoge las mejores pr\u00e1cticas. Sancho ha destacado, adem\u00e1s, que dos de estas empresas han obtenido el Certificado OCS y el resto est\u00e1n en proceso de certificaci\u00f3n.<\/p>\n<p style=\"text-align: justify;\" data-mce-style=\"text-align: justify;\">\u201cEsta plataforma es una oportunidad para extender estas iniciativas de gesti\u00f3n y buenas pr\u00e1cticas a las otras empresas de la cadena de valor\u201d, ha manifestado el vicepresidente del AEQT.<\/p>\n<\/div><\/div><\/div><\/div><\/div><\/p>\n","protected":false},"excerpt":{"rendered":"","protected":false},"author":14,"featured_media":15590,"comment_status":"closed","ping_status":"closed","sticky":false,"template":"","format":"standard","meta":{"_monsterinsights_skip_tracking":false,"_monsterinsights_sitenote_active":false,"_monsterinsights_sitenote_note":"","_monsterinsights_sitenote_category":0,"footnotes":""},"categories":[120,152,119],"tags":[],"class_list":["post-15594","post","type-post","status-publish","format-standard","has-post-thumbnail","hentry","category-notes-premsa-es","category-noticia-destacada-cast","category-noticies-es"],"aioseo_notices":[],"_links":{"self":[{"href":"https:\/\/www.aeqtonline.com\/es\/wp-json\/wp\/v2\/posts\/15594","targetHints":{"allow":["GET"]}}],"collection":[{"href":"https:\/\/www.aeqtonline.com\/es\/wp-json\/wp\/v2\/posts"}],"about":[{"href":"https:\/\/www.aeqtonline.com\/es\/wp-json\/wp\/v2\/types\/post"}],"author":[{"embeddable":true,"href":"https:\/\/www.aeqtonline.com\/es\/wp-json\/wp\/v2\/users\/14"}],"replies":[{"embeddable":true,"href":"https:\/\/www.aeqtonline.com\/es\/wp-json\/wp\/v2\/comments?post=15594"}],"version-history":[{"count":0,"href":"https:\/\/www.aeqtonline.com\/es\/wp-json\/wp\/v2\/posts\/15594\/revisions"}],"wp:featuredmedia":[{"embeddable":true,"href":"https:\/\/www.aeqtonline.com\/es\/wp-json\/wp\/v2\/media\/15590"}],"wp:attachment":[{"href":"https:\/\/www.aeqtonline.com\/es\/wp-json\/wp\/v2\/media?parent=15594"}],"wp:term":[{"taxonomy":"category","embeddable":true,"href":"https:\/\/www.aeqtonline.com\/es\/wp-json\/wp\/v2\/categories?post=15594"},{"taxonomy":"post_tag","embeddable":true,"href":"https:\/\/www.aeqtonline.com\/es\/wp-json\/wp\/v2\/tags?post=15594"}],"curies":[{"name":"wp","href":"https:\/\/api.w.org\/{rel}","templated":true}]}}